{"id":892,"date":"2014-05-29T18:05:25","date_gmt":"2014-05-29T16:05:25","guid":{"rendered":"http:\/\/gartengestaltung-ratz.de\/?p=892"},"modified":"2016-01-27T18:20:05","modified_gmt":"2016-01-27T17:20:05","slug":"ein-holzdeck-gliedert-die-terrasse-neu","status":"publish","type":"post","link":"https:\/\/gartengestaltung-ratz.de\/?p=892","title":{"rendered":"Ein Holzdeck gliedert die Terrasse neu"},"content":{"rendered":"<p><img loading=\"lazy\" decoding=\"async\" class=\"aligncenter size-full wp-image-893\" title=\"Seitenansicht des Holzdecks\" src=\"http:\/\/gartengestaltung-ratz.de\/wp-content\/uploads\/2014\/05\/2014-03-20-16.05.11_web.jpg\" alt=\"\" width=\"500\" height=\"375\" srcset=\"https:\/\/gartengestaltung-ratz.de\/wp-content\/uploads\/2014\/05\/2014-03-20-16.05.11_web.jpg 500w, https:\/\/gartengestaltung-ratz.de\/wp-content\/uploads\/2014\/05\/2014-03-20-16.05.11_web-300x225.jpg 300w\" sizes=\"auto, (max-width: 500px) 100vw, 500px\" \/><\/p>\n<p style=\"text-align: justify;\">An diesem Objekt war der Terrassenbelag mit den Jahren vor allem direkt vor der Terrassent\u00fcr abgesackt, Pflanzenwurzeln hatten die Platten teilweise angehoben und verschoben , so dass ein bequemes Sitzen und St\u00fchle r\u00fccken nicht mehr gegeben war. Da der Belag komplett ins M\u00f6rtelbett gelegt war und der Zugang nur \u00fcber schmale Zuwegungen erreichbar war, w\u00e4re ein kompletter Austausch des Plattenbelages inklusive neuem Unterbau sehr aufw\u00e4ndig gewesen. Nach einigen wenigen Belagskorrekturen konnte die Fl\u00e4che sehr gut als Auflage f\u00fcr ein Holzdeck genutzt werden.<\/p>\n<p style=\"text-align: justify;\"><img loading=\"lazy\" decoding=\"async\" class=\"aligncenter size-full wp-image-894\" title=\"Neue Unterteilung der Terrasse\" src=\"http:\/\/gartengestaltung-ratz.de\/wp-content\/uploads\/2014\/05\/2014-03-20-16.06.11_web.jpg\" alt=\"\" width=\"500\" height=\"302\" srcset=\"https:\/\/gartengestaltung-ratz.de\/wp-content\/uploads\/2014\/05\/2014-03-20-16.06.11_web.jpg 500w, https:\/\/gartengestaltung-ratz.de\/wp-content\/uploads\/2014\/05\/2014-03-20-16.06.11_web-300x181.jpg 300w\" sizes=\"auto, (max-width: 500px) 100vw, 500px\" \/><\/p>\n<p style=\"text-align: justify;\">Durch das Anpassen der Holzterrasse an die Geb\u00e4udebreite wurde die gesamte Fl\u00e4che neu gegliedert. Die geplattete Fl\u00e4che ist nunmehr nicht mehr rund um das Reihenhaus dominant, der sichtbare Rest wird nun als Weg definiert. Angenehmer Nebeneffekt des Holzaufbaus ist jetzt ein eleganterer Austritt aus dem Haus, da die Stufenh\u00f6he verringert wurde und der Tritt ins Freie leichter erfolgen kann, die vorhandene Fensterbank vor der Terrasssent\u00fcr wurde \u00fcberbaut. Der neue Farbton des Holzes lockert den kleinen Garten zuss\u00e4tzlich auf und vermittelt W\u00e4rme und Behaglichkeit.<\/p>\n","protected":false},"excerpt":{"rendered":"<p>An diesem Objekt war der Terrassenbelag mit den Jahren vor allem direkt vor der Terrassent\u00fcr abgesackt, Pflanzenwurzeln hatten die Platten teilweise angehoben und verschoben , so dass ein bequemes Sitzen und St\u00fchle r\u00fccken nicht mehr gegeben war. Da der Belag komplett ins M\u00f6rtelbett gelegt war und der Zugang nur \u00fcber schmale Zuwegungen erreichbar war, w\u00e4re [&hellip;]<\/p>\n","protected":false},"author":2,"featured_media":0,"comment_status":"closed","ping_status":"closed","sticky":false,"template":"","format":"standard","meta":{"footnotes":""},"categories":[3],"tags":[],"class_list":["post-892","post","type-post","status-publish","format-standard","hentry","category-fotogalerie"],"_links":{"self":[{"href":"https:\/\/gartengestaltung-ratz.de\/index.php?rest_route=\/wp\/v2\/posts\/892","targetHints":{"allow":["GET"]}}],"collection":[{"href":"https:\/\/gartengestaltung-ratz.de\/index.php?rest_route=\/wp\/v2\/posts"}],"about":[{"href":"https:\/\/gartengestaltung-ratz.de\/index.php?rest_route=\/wp\/v2\/types\/post"}],"author":[{"embeddable":true,"href":"https:\/\/gartengestaltung-ratz.de\/index.php?rest_route=\/wp\/v2\/users\/2"}],"replies":[{"embeddable":true,"href":"https:\/\/gartengestaltung-ratz.de\/index.php?rest_route=%2Fwp%2Fv2%2Fcomments&post=892"}],"version-history":[{"count":5,"href":"https:\/\/gartengestaltung-ratz.de\/index.php?rest_route=\/wp\/v2\/posts\/892\/revisions"}],"predecessor-version":[{"id":974,"href":"https:\/\/gartengestaltung-ratz.de\/index.php?rest_route=\/wp\/v2\/posts\/892\/revisions\/974"}],"wp:attachment":[{"href":"https:\/\/gartengestaltung-ratz.de\/index.php?rest_route=%2Fwp%2Fv2%2Fmedia&parent=892"}],"wp:term":[{"taxonomy":"category","embeddable":true,"href":"https:\/\/gartengestaltung-ratz.de\/index.php?rest_route=%2Fwp%2Fv2%2Fcategories&post=892"},{"taxonomy":"post_tag","embeddable":true,"href":"https:\/\/gartengestaltung-ratz.de\/index.php?rest_route=%2Fwp%2Fv2%2Ftags&post=892"}],"curies":[{"name":"wp","href":"https:\/\/api.w.org\/{rel}","templated":true}]}}